{"id":22508,"date":"2026-09-05T13:40:56","date_gmt":"2026-09-05T13:40:56","guid":{"rendered":"https:\/\/ciekawe24.pl.ua\/?p=22508"},"modified":"2026-09-05T13:40:58","modified_gmt":"2026-09-05T13:40:58","slug":"pozar-hali-w-jedrzejowie-14-zastepow-strazy-walczy-z-ogniem","status":"publish","type":"post","link":"https:\/\/ciekawe24.pl.ua\/?p=22508","title":{"rendered":"Po\u017car hali w J\u0119drzejowie. 14 zast\u0119p\u00f3w stra\u017cy walczy z ogniem"},"content":{"rendered":"\n<p class=\"wp-block-paragraph\">Kilkudziesi\u0119ciu stra\u017cak\u00f3w walczy z po\u017carem sortowni odpad\u00f3w w J\u0119drzejowie. Ogie\u0144 pojawi\u0142 si\u0119 w niedzielny wiecz\u00f3r, 16 sierpnia, przy ulicy G\u0142owackiego. Po\u017car obj\u0105\u0142 odpady zgromadzone w hali magazynowej. Stra\u017cacy broni\u0105 przed ogniem tak\u017ce s\u0105siednich obiekt\u00f3w.<\/p>\n\n\n\n<p class=\"wp-block-paragraph\">Po\u017car zauwa\u017cono o godzinie 20.13. Na miejscu s\u0142u\u017cby stwierdzi\u0142y, \u017ce p\u0142on\u0105 odpady sk\u0142adowane w hali o wymiarach 40 na 16 metr\u00f3w. W bezpo\u015brednim s\u0105siedztwie znajduj\u0105 si\u0119 trzy kolejne hale o takich samych wymiarach. Dzia\u0142ania stra\u017cak\u00f3w obejmuj\u0105 wi\u0119c zar\u00f3wno gaszenie po\u017caru, jak i ochron\u0119 pozosta\u0142ych obiekt\u00f3w.<\/p>\n\n\n\n<h2 class=\"wp-block-heading\">Po\u017car sortowni w J\u0119drzejowie. Ogie\u0144 obj\u0105\u0142 hal\u0119 magazynow\u0105<\/h2>\n\n\n\n<p class=\"wp-block-paragraph\">Do po\u017caru dosz\u0142o w niedziel\u0119, 16 sierpnia, na terenie sortowni odpad\u00f3w przy ulicy G\u0142owackiego w J\u0119drzejowie.&nbsp;<strong>Ogie\u0144 zosta\u0142 zauwa\u017cony o godzinie 20.13.<\/strong>&nbsp;Po przyje\u017adzie na miejsce stra\u017cacy ustalili, \u017ce po\u017carem obj\u0119te s\u0105 odpady znajduj\u0105ce si\u0119 wewn\u0105trz hali magazynowej.<\/p>\n\n\n\n<p class=\"wp-block-paragraph\">Budynek, w kt\u00f3rym pojawi\u0142 si\u0119 ogie\u0144, ma 40 metr\u00f3w d\u0142ugo\u015bci i 16 metr\u00f3w szeroko\u015bci. To w\u0142a\u015bnie wewn\u0105trz tej hali&nbsp;<strong>zgromadzone by\u0142y p\u0142on\u0105ce odpady<\/strong>. Akcja ga\u015bnicza wymaga zaanga\u017cowania du\u017cej liczby ratownik\u00f3w.<\/p>\n\n\n\n<p class=\"wp-block-paragraph\">Sytuacj\u0119 dodatkowo komplikuje bliskie s\u0105siedztwo kolejnych obiekt\u00f3w. Obok p\u0142on\u0105cej hali znajduj\u0105 si\u0119<strong>&nbsp;trzy nast\u0119pne hale&nbsp;<\/strong>o takich samych wymiarach. Stra\u017cacy prowadz\u0105 dzia\u0142ania w taki spos\u00f3b, aby opanowa\u0107 po\u017car i jednocze\u015bnie nie dopu\u015bci\u0107 do jego rozprzestrzenienia.<\/p>\n\n\n\n<h2 class=\"wp-block-heading\">14 zast\u0119p\u00f3w stra\u017cy na miejscu. Dojecha\u0142a du\u017ca cysterna z Kielc<\/h2>\n\n\n\n<p class=\"wp-block-paragraph\">Skala dzia\u0142a\u0144 ros\u0142a wraz z rozwojem akcji. Po godzinie 21.30 na terenie sortowni pracowa\u0142o ju\u017c&nbsp;<strong>14 zast\u0119p\u00f3w stra\u017cy po\u017carnej<\/strong>. W gaszenie ognia zaanga\u017cowanych by\u0142o kilkudziesi\u0119ciu stra\u017cak\u00f3w.<\/p>\n\n\n\n<p class=\"wp-block-paragraph\">Na miejsce skierowano r\u00f3wnie\u017c&nbsp;<strong>du\u017c\u0105 cystern\u0119 z Kielc<\/strong>. Dzi\u0119ki niej ratownicy dysponowali wi\u0119ksz\u0105 ilo\u015bci\u0105 wody potrzebnej podczas prowadzenia akcji ga\u015bniczej.<\/p>\n\n\n\n<p class=\"wp-block-paragraph\">Stra\u017cacy koncentrowali si\u0119 nie tylko na p\u0142on\u0105cych odpadach. Istotnym elementem dzia\u0142a\u0144 by\u0142o tak\u017ce&nbsp;<strong>zabezpieczenie trzech s\u0105siednich hal&nbsp;<\/strong>przed ogniem. Blisko\u015b\u0107 kolejnych obiekt\u00f3w sprawi\u0142a, \u017ce dzia\u0142ania musia\u0142y obejmowa\u0107 jednocze\u015bnie gaszenie po\u017caru i ochron\u0119 pozosta\u0142ej cz\u0119\u015bci zabudowy sortowni.<\/p>\n\n\n\n<h2 class=\"wp-block-heading\">Wsparcie jedzie z trzech powiat\u00f3w. Stra\u017cacy chroni\u0105 s\u0105siednie hale<\/h2>\n\n\n\n<p class=\"wp-block-paragraph\">Do J\u0119drzejowa skierowano kolejne si\u0142y spoza powiatu. W drodze na miejsce po\u017caru znajdowa\u0142o si\u0119<strong>&nbsp;wsparcie z powiat\u00f3w<\/strong>&nbsp;buskiego, kieleckiego i pi\u0144czowskiego. Jednostki te mia\u0142y do\u0142\u0105czy\u0107 do zast\u0119p\u00f3w prowadz\u0105cych ju\u017c dzia\u0142ania przy ulicy G\u0142owackiego.<\/p>\n\n\n\n<p class=\"wp-block-paragraph\"><strong>Po godzinie 21.30 akcja nadal trwa\u0142a.&nbsp;<\/strong>Stra\u017cacy walczyli z ogniem w hali magazynowej, a r\u00f3wnocze\u015bnie podejmowali dzia\u0142ania maj\u0105ce powstrzyma\u0107 po\u017car przed przeniesieniem si\u0119 na trzy s\u0105siednie obiekty.<\/p>\n\n\n\n<p class=\"wp-block-paragraph\">Na miejscu pracowa\u0142o w\u00f3wczas&nbsp;<strong>14 zast\u0119p\u00f3w stra\u017cy<\/strong>, a dodatkowe si\u0142y by\u0142y jeszcze w drodze. Do gaszenia wykorzystywano tak\u017ce zapas wody zapewniony przez du\u017c\u0105 cystern\u0119 skierowan\u0105 do J\u0119drzejowa z Kielc.<\/p>\n\n\n\n<iframe loading=\"lazy\" src=\"https:\/\/www.facebook.com\/plugins\/video.php?href=https%3A%2F%2Fwww.facebook.com%2Fnat787%2Fvideos%2F2126199474775046%2F&#038;show_text=0&#038;width=267\" width=\"267\" height=\"476\" style=\"border:none;overflow:hidden\" scrolling=\"no\" frameborder=\"0\" allowfullscreen=\"true\" allow=\"autoplay; clipboard-write; encrypted-media; picture-in-picture; web-share\" allowFullScreen=\"true\"><\/iframe>\n","protected":false},"excerpt":{"rendered":"Kilkudziesi\u0119ciu stra\u017cak\u00f3w walczy z po\u017carem sortowni odpad\u00f3w w J\u0119drzejowie. Ogie\u0144 pojawi\u0142 si\u0119 w niedzielny wiecz\u00f3r, 16 sierpnia, przy ulicy G\u0142owackiego. Po\u017car obj\u0105\u0142 odpady \n<a class=\"moretag\" href=\"https:\/\/ciekawe24.pl.ua\/?p=22508\"> [...]<\/a>","protected":false},"author":1,"featured_media":22509,"comment_status":"open","ping_status":"open","sticky":false,"template":"","format":"standard","meta":{"footnotes":""},"categories":[1],"tags":[],"class_list":["post-22508","post","type-post","status-publish","format-standard","has-post-thumbnail","hentry","category-blog"],"_links":{"self":[{"href":"https:\/\/ciekawe24.pl.ua\/index.php?rest_route=\/wp\/v2\/posts\/22508","targetHints":{"allow":["GET"]}}],"collection":[{"href":"https:\/\/ciekawe24.pl.ua\/index.php?rest_route=\/wp\/v2\/posts"}],"about":[{"href":"https:\/\/ciekawe24.pl.ua\/index.php?rest_route=\/wp\/v2\/types\/post"}],"author":[{"embeddable":true,"href":"https:\/\/ciekawe24.pl.ua\/index.php?rest_route=\/wp\/v2\/users\/1"}],"replies":[{"embeddable":true,"href":"https:\/\/ciekawe24.pl.ua\/index.php?rest_route=%2Fwp%2Fv2%2Fcomments&post=22508"}],"version-history":[{"count":1,"href":"https:\/\/ciekawe24.pl.ua\/index.php?rest_route=\/wp\/v2\/posts\/22508\/revisions"}],"predecessor-version":[{"id":22510,"href":"https:\/\/ciekawe24.pl.ua\/index.php?rest_route=\/wp\/v2\/posts\/22508\/revisions\/22510"}],"wp:featuredmedia":[{"embeddable":true,"href":"https:\/\/ciekawe24.pl.ua\/index.php?rest_route=\/wp\/v2\/media\/22509"}],"wp:attachment":[{"href":"https:\/\/ciekawe24.pl.ua\/index.php?rest_route=%2Fwp%2Fv2%2Fmedia&parent=22508"}],"wp:term":[{"taxonomy":"category","embeddable":true,"href":"https:\/\/ciekawe24.pl.ua\/index.php?rest_route=%2Fwp%2Fv2%2Fcategories&post=22508"},{"taxonomy":"post_tag","embeddable":true,"href":"https:\/\/ciekawe24.pl.ua\/index.php?rest_route=%2Fwp%2Fv2%2Ftags&post=22508"}],"curies":[{"name":"wp","href":"https:\/\/api.w.org\/{rel}","templated":true}]}}