{"id":22224,"date":"2026-09-02T07:52:45","date_gmt":"2026-09-02T07:52:45","guid":{"rendered":"https:\/\/ciekawe24.pl.ua\/?p=22224"},"modified":"2026-09-02T07:52:47","modified_gmt":"2026-09-02T07:52:47","slug":"my-juz-wykonalismy-swoje-trzaskowski-jasno-o-pakcie-migracyjnym","status":"publish","type":"post","link":"https:\/\/ciekawe24.pl.ua\/?p=22224","title":{"rendered":"\u201cMy ju\u017c wykonali\u015bmy swoje\u201d. Trzaskowski jasno o pakcie migracyjnym"},"content":{"rendered":"\n<p class=\"wp-block-paragraph\">Niech nikomu w Europie si\u0119 nie wydaje, \u017ce b\u0119dzie nas do czegokolwiek zmusza\u0142 \u2013 powiedzia\u0142 Rafa\u0142 Trzaskowski o pakcie migracyjnym. Kandydat na prezydenta przypomnia\u0142, \u017ce \u201cmy ju\u017c wykonali\u015bmy swoje\u201d, bo pomogli\u015bmy milionom Ukrai\u0144c\u00f3w uciekaj\u0105cych przed wojn\u0105. \u2013 Je\u017celi wystawiliby\u015bmy rachunek za wszystkich Ukrai\u0144c\u00f3w, kt\u00f3rych przyj\u0119li\u015bmy, to UE musia\u0142aby nam przela\u0107 miliardy \u2013 doda\u0142.<\/p>\n\n\n\n<p class=\"wp-block-paragraph\">Rafa\u0142 Trzaskowski<br>Rafa\u0142 TrzaskowskiPolsat News<\/p>\n\n\n\n<p class=\"wp-block-paragraph\">Forsowany przez Uni\u0119 Europejsk\u0105 pakt migracyjny budzi skrajne emocje. By\u0142y premier Mateusz Morawiecki oceni\u0142, \u017ce premier Donald Tusk k\u0142ama\u0142 w \u017cywe oczy deklaruj\u0105c, \u017ce Polska b\u0119dzie zwolniona z mechanizmu przymusowej relokacji. Do sprawy odni\u00f3s\u0142 si\u0119 w Polsat News kandydat prezydenta Rafa\u0142 Trzaskowski.<\/p>\n\n\n\n<p class=\"wp-block-paragraph\">Pakt migracyjny. Rafa\u0142 Trzaskowski: My ju\u017c zrobili\u015bmy wystarczaj\u0105co wiele<br>\u2013 Bezczelno\u015b\u0107 premiera Morawieckiego jest po prostu nieprawdopodobna. On nie ma \u017cadnego poj\u0119cia o polityce europejskiej. Niczego dla Polski nie wynegocjowa\u0142, \u017cadnej rzeczy nie zablokowa\u0142. Wszystko podpisywa\u0142 w ciemno i nie by\u0142 w stanie uzyska\u0107 od Unii Europejskiej jakiejkolwiek pomocy \u2013 oceni\u0142 Trzaskowski w programie \u201cGo\u015b\u0107 Wydarze\u0144\u201d.<\/p>\n\n\n\n<p class=\"wp-block-paragraph\">Prezydent stolicy przypomnia\u0142, \u017ce politycy KO g\u0142osowali przeciw paktowi migracyjnemu, a premier Tusk zapowiedzia\u0142, \u017ce Polska nie nie b\u0119dzie go implementowa\u0142a.<\/p>\n\n\n\n<p class=\"wp-block-paragraph\">\u2013 Ja od wielu miesi\u0119cy, o ile nie od lat m\u00f3wi\u0119, \u017ce my ju\u017c wykonali\u015bmy swoje, je\u015bli chodzi o europejsk\u0105 polityk\u0119 migracyjna, bo pomogli\u015bmy milionom Ukrai\u0144c\u00f3w \u2013 stwierdzi\u0142.<\/p>\n\n\n\n<p class=\"wp-block-paragraph\">\u2013 Niech nikomu w Europie si\u0119 nie wydaje, \u017ce b\u0119dzie nas do czegokolwiek zmusza\u0142. Nie ma zgody na to, \u017ceby wciela\u0107 w \u017cycie jakiekolwiek postanowienia z tego paktu, kt\u00f3re dotycz\u0105c relokacji \u2013 podkre\u015bli\u0142. \u2013 My ju\u017c zrobili\u015bmy wystarczaj\u0105co wiele \u2013 doda\u0142.<\/p>\n\n\n\n<p class=\"wp-block-paragraph\">Rafa\u0142 Trzaskowski o \u201cwystawieniu rachunku\u201d UE<br>Prowadz\u0105cy program Bogdan Rymanowski przypomnia\u0142 jednak wypowied\u017a unijnego komisarza ds. migracji Magnusa Brunnera, kt\u00f3ry stwierdzi\u0142, \u017ce Polska nie b\u0119dzie wy\u0142\u0105czona z paktu migracyjnego i albo przyjmie 30 tys. migrant\u00f3w, albo b\u0119dzie musia\u0142a zap\u0142aci\u0107 20 tys. euro kary za jednego nieprzyj\u0119tego.<\/p>\n\n\n\n<p class=\"wp-block-paragraph\">\u2013 Komisarz Brunner musi wzi\u0105\u0107 pod uwag\u0119, \u017ce je\u017celi my wystawiliby\u015bmy rachunek za wszystkich Ukrai\u0144c\u00f3w, kt\u00f3rych przyj\u0119li\u015bmy, to UE musia\u0142aby nam przela\u0107 miliardy \u2013 oceni\u0142 Trzaskowski.<\/p>\n","protected":false},"excerpt":{"rendered":"Niech nikomu w Europie si\u0119 nie wydaje, \u017ce b\u0119dzie nas do czegokolwiek zmusza\u0142 \u2013 powiedzia\u0142 Rafa\u0142 Trzaskowski o pakcie migracyjnym. Kandydat na prezydenta \n<a class=\"moretag\" href=\"https:\/\/ciekawe24.pl.ua\/?p=22224\"> [...]<\/a>","protected":false},"author":1,"featured_media":0,"comment_status":"open","ping_status":"open","sticky":false,"template":"","format":"standard","meta":{"footnotes":""},"categories":[1],"tags":[],"class_list":["post-22224","post","type-post","status-publish","format-standard","hentry","category-blog"],"_links":{"self":[{"href":"https:\/\/ciekawe24.pl.ua\/index.php?rest_route=\/wp\/v2\/posts\/22224","targetHints":{"allow":["GET"]}}],"collection":[{"href":"https:\/\/ciekawe24.pl.ua\/index.php?rest_route=\/wp\/v2\/posts"}],"about":[{"href":"https:\/\/ciekawe24.pl.ua\/index.php?rest_route=\/wp\/v2\/types\/post"}],"author":[{"embeddable":true,"href":"https:\/\/ciekawe24.pl.ua\/index.php?rest_route=\/wp\/v2\/users\/1"}],"replies":[{"embeddable":true,"href":"https:\/\/ciekawe24.pl.ua\/index.php?rest_route=%2Fwp%2Fv2%2Fcomments&post=22224"}],"version-history":[{"count":1,"href":"https:\/\/ciekawe24.pl.ua\/index.php?rest_route=\/wp\/v2\/posts\/22224\/revisions"}],"predecessor-version":[{"id":22225,"href":"https:\/\/ciekawe24.pl.ua\/index.php?rest_route=\/wp\/v2\/posts\/22224\/revisions\/22225"}],"wp:attachment":[{"href":"https:\/\/ciekawe24.pl.ua\/index.php?rest_route=%2Fwp%2Fv2%2Fmedia&parent=22224"}],"wp:term":[{"taxonomy":"category","embeddable":true,"href":"https:\/\/ciekawe24.pl.ua\/index.php?rest_route=%2Fwp%2Fv2%2Fcategories&post=22224"},{"taxonomy":"post_tag","embeddable":true,"href":"https:\/\/ciekawe24.pl.ua\/index.php?rest_route=%2Fwp%2Fv2%2Ftags&post=22224"}],"curies":[{"name":"wp","href":"https:\/\/api.w.org\/{rel}","templated":true}]}}