{"id":14449,"date":"2026-05-03T11:33:23","date_gmt":"2026-05-03T11:33:23","guid":{"rendered":"https:\/\/ciekawe24.pl.ua\/?p=14449"},"modified":"2026-05-03T11:33:23","modified_gmt":"2026-05-03T11:33:23","slug":"niepokojace-wyznanie-prezydenta-nawrockiego-litewka-mial-dostac-zakaz-kontaktowania-sie","status":"publish","type":"post","link":"https:\/\/ciekawe24.pl.ua\/?p=14449","title":{"rendered":"Niepokoj\u0105ce wyznanie prezydenta Nawrockiego. Litewka mia\u0142 \u201edosta\u0107 zakaz kontaktowania si\u0119\u201d"},"content":{"rendered":"\n<p>Prezydent Karol Nawrocki w rozmowie z redakcj\u0105 wPolsce24 ujawni\u0142 niepokoj\u0105ce szczeg\u00f3\u0142y relacji ze zmar\u0142ym pos\u0142em \u0141ukaszem Litewk\u0105. Parlamentarzysta Lewicy mia\u0142 otrzymywa\u0107 polecenia ograniczaj\u0105ce jego mo\u017cliwo\u015b\u0107 kontaktu z g\u0142ow\u0105 pa\u0144stwa, mimo czego konsekwentnie d\u0105\u017cy\u0142 do porozumienia i wsp\u00f3\u0142pracy.<\/p>\n\n\n\n<p>To w\u0142a\u015bnie to by\u0142 taki pose\u0142, kt\u00f3ry mimo tego, i\u017c dostawa\u0142 zakaz kontaktowania si\u0119 z prezydentem, to jednak szuka\u0142 porozumie\u0144 wok\u00f3\u0142 spraw bardzo wa\u017cnych dla niego, a wa\u017cnych te\u017c dla mnie \u2014 powiedzia\u0142 Karol Nawrocki.<\/p>\n\n\n\n<p>Ograniczenia te wynika\u0142y z politycznych i partyjnych nacisk\u00f3w, kt\u00f3re uniemo\u017cliwia\u0142y Litewce swobodne wsp\u00f3\u0142dzia\u0142anie z Pa\u0142acem Prezydenckim. Rozwa\u017cano nawet formalne w\u0142\u0105czenie go do rady doradczej prezydenta, by wspiera\u0107 jego cele spo\u0142eczne zbie\u017cne z priorytetami g\u0142owy pa\u0144stwa. Niestety, nie dosz\u0142o do tego z powodu \u201epewnej pragmatyki partyjnej\u201d.<\/p>\n\n\n\n<p>Walka ponad podzia\u0142ami politycznymi<br>Karol Nawrocki podkre\u015bli\u0142 swoj\u0105 umiej\u0119tno\u015b\u0107 wsp\u00f3\u0142pracy z politykami r\u00f3\u017cnych opcji, zw\u0142aszcza w sprawach kluczowych dla spo\u0142ecze\u0144stwa. Przyk\u0142adem jest podpisanie ustawy o Pa\u0144stwowej Inspekcji Pracy, kt\u00f3rej inicjatork\u0105 by\u0142a minister Agnieszka Dziemianowicz-B\u0105k.<\/p>\n\n\n\n<p>\u0141ukasz Litewka kierowa\u0142 si\u0119 podobn\u0105 zasad\u0105, stawiaj\u0105c na realizacj\u0119 konkretnych cel\u00f3w ponad politycznymi podzia\u0142ami. Znany by\u0142 z zaanga\u017cowania w ochron\u0119 praw zwierz\u0105t i uczestniczy\u0142 w spotkaniach w Pa\u0142acu Prezydenckim, m.in. na temat sytuacji w schroniskach.<\/p>\n\n\n\n<p>obrazek<\/p>\n\n\n\n<p>Litewka \u2013 niestrudzona walka o prawa zwierz\u0105t i ho\u0142d po \u015bmierci<br>Pose\u0142 aktywnie wspiera\u0142 inicjatyw\u0119 zakazu trzymania ps\u00f3w na \u0142a\u0144cuchach. Chocia\u017c prezydent Nawrocki zawetowa\u0142 t\u0119 ustaw\u0119, po tragicznej \u015bmierci Litewki uhonorowa\u0142 go Krzy\u017cem Oficerskim Orderu Odrodzenia Polski, doceniaj\u0105c jego zas\u0142ugi.<\/p>\n\n\n\n<p>Do tragicznego zdarzenia dosz\u0142o 23 kwietnia w D\u0105browie G\u00f3rniczej, gdzie polityk zosta\u0142 potr\u0105cony przez samoch\u00f3d. Uroczysto\u015bci pogrzebowe o charakterze pa\u0144stwowym odby\u0142y si\u0119 29 kwietnia w Sosnowcu, gdzie rodzina i bliscy po\u017cegnali pos\u0142a.<\/p>\n\n\n\n<p>S\u0142owa prezydenta po tragedii<br>W podsumowaniu wywiadu Karol Nawrocki zwr\u00f3ci\u0142 uwag\u0119 na z\u0142o\u017cono\u015b\u0107 \u017cycia politycznego i przeszkody dla tych, kt\u00f3rzy d\u0105\u017c\u0105 do wsp\u00f3\u0142pracy ponad podzia\u0142ami. Podkre\u015bli\u0142, \u017ce zar\u00f3wno on, jak i Litewka odrzucali polityczne blokady uniemo\u017cliwiaj\u0105ce realizacj\u0119 wa\u017cnych cel\u00f3w spo\u0142ecznych.<\/p>\n\n\n\n<p>Wi\u0119cej informacji i szczeg\u00f3\u0142y tej wyj\u0105tkowej relacji znajdziesz w materiale redakcji wPolsce24.<\/p>\n","protected":false},"excerpt":{"rendered":"Prezydent Karol Nawrocki w rozmowie z redakcj\u0105 wPolsce24 ujawni\u0142 niepokoj\u0105ce szczeg\u00f3\u0142y relacji ze zmar\u0142ym pos\u0142em \u0141ukaszem Litewk\u0105. Parlamentarzysta Lewicy mia\u0142 otrzymywa\u0107 polecenia ograniczaj\u0105ce \n<a class=\"moretag\" href=\"https:\/\/ciekawe24.pl.ua\/?p=14449\"> [...]<\/a>","protected":false},"author":1,"featured_media":14450,"comment_status":"open","ping_status":"open","sticky":false,"template":"","format":"standard","meta":{"footnotes":""},"categories":[1],"tags":[],"class_list":["post-14449","post","type-post","status-publish","format-standard","has-post-thumbnail","hentry","category-blog"],"_links":{"self":[{"href":"https:\/\/ciekawe24.pl.ua\/index.php?rest_route=\/wp\/v2\/posts\/14449","targetHints":{"allow":["GET"]}}],"collection":[{"href":"https:\/\/ciekawe24.pl.ua\/index.php?rest_route=\/wp\/v2\/posts"}],"about":[{"href":"https:\/\/ciekawe24.pl.ua\/index.php?rest_route=\/wp\/v2\/types\/post"}],"author":[{"embeddable":true,"href":"https:\/\/ciekawe24.pl.ua\/index.php?rest_route=\/wp\/v2\/users\/1"}],"replies":[{"embeddable":true,"href":"https:\/\/ciekawe24.pl.ua\/index.php?rest_route=%2Fwp%2Fv2%2Fcomments&post=14449"}],"version-history":[{"count":1,"href":"https:\/\/ciekawe24.pl.ua\/index.php?rest_route=\/wp\/v2\/posts\/14449\/revisions"}],"predecessor-version":[{"id":14451,"href":"https:\/\/ciekawe24.pl.ua\/index.php?rest_route=\/wp\/v2\/posts\/14449\/revisions\/14451"}],"wp:featuredmedia":[{"embeddable":true,"href":"https:\/\/ciekawe24.pl.ua\/index.php?rest_route=\/wp\/v2\/media\/14450"}],"wp:attachment":[{"href":"https:\/\/ciekawe24.pl.ua\/index.php?rest_route=%2Fwp%2Fv2%2Fmedia&parent=14449"}],"wp:term":[{"taxonomy":"category","embeddable":true,"href":"https:\/\/ciekawe24.pl.ua\/index.php?rest_route=%2Fwp%2Fv2%2Fcategories&post=14449"},{"taxonomy":"post_tag","embeddable":true,"href":"https:\/\/ciekawe24.pl.ua\/index.php?rest_route=%2Fwp%2Fv2%2Ftags&post=14449"}],"curies":[{"name":"wp","href":"https:\/\/api.w.org\/{rel}","templated":true}]}}