{"id":14443,"date":"2026-05-03T11:31:53","date_gmt":"2026-05-03T11:31:53","guid":{"rendered":"https:\/\/ciekawe24.pl.ua\/?p=14443"},"modified":"2026-05-03T11:31:53","modified_gmt":"2026-05-03T11:31:53","slug":"karol-nawrocki-naprawde-to-oglosil-przyjal-zaproszenie-szykuje-sie-starcie-stulecia","status":"publish","type":"post","link":"https:\/\/ciekawe24.pl.ua\/?p=14443","title":{"rendered":"Karol Nawrocki naprawd\u0119 to og\u0142osi\u0142. Przyj\u0105\u0142 zaproszenie. Szykuje si\u0119 starcie stulecia"},"content":{"rendered":"\n<p>Nietypowe wydarzenie na granicy polityki i internetu w\u0142a\u015bnie nabiera realnych kszta\u0142t\u00f3w. Karol Nawrocki, obecny prezydent Polski, przyj\u0105\u0142 zaproszenie od tw\u00f3rc\u00f3w zwi\u0105zanych z mark\u0105 WK Dzik, kt\u00f3rzy publicznie zaapelowali o wsp\u00f3lny trening i rozmow\u0119.<\/p>\n\n\n\n<p>To zaskakuj\u0105ca inicjatywa, kt\u00f3ra wywo\u0142a\u0142a spore zainteresowanie w mediach i pokaza\u0142a, \u017ce wsp\u00f3\u0142czesna komunikacja polityczna coraz odwa\u017cniej si\u0119ga po formaty dawniej zarezerwowane dla influencer\u00f3w.<\/p>\n\n\n\n<p>Kim jest Karol Nawrocki? Poznaj jego drog\u0119 i histori\u0119<br>Postacie takie jak Karol Nawrocki nie tylko pojawiaj\u0105 si\u0119 w polskiej polityce, lecz cz\u0119sto s\u0105 wprowadzane na scen\u0119 z silnym zapleczem instytucjonalnym i symbolicznym. Nawrocki to historyk i urz\u0119dnik pa\u0144stwowy, obecnie pe\u0142ni\u0105cy funkcj\u0119 g\u0142owy pa\u0144stwa, kt\u00f3rego \u017cycie zawodowe skupia si\u0119 na pami\u0119ci historycznej, instytucjach i narracji o przesz\u0142o\u015bci.<\/p>\n\n\n\n<p>Urodzony w 1983 roku w Gda\u0144sku, od pocz\u0105tku kariery by\u0142 zwi\u0105zany z histori\u0105 najnowsz\u0105 Polski. Instytut Pami\u0119ci Narodowej by\u0142 nie tylko miejscem pracy, lecz tak\u017ce przestrzeni\u0105, gdzie formowa\u0142 publiczny j\u0119zyk dotycz\u0105cy historii \u2013 taki, kt\u00f3ry ma znaczenie polityczne. Przed obj\u0119ciem stanowiska prezesa IPN kierowa\u0142 Muzeum II Wojny \u015awiatowej, gdzie zajmowa\u0142 si\u0119 narracj\u0105 historyczn\u0105 skierowan\u0105 do szerokiego grona odbiorc\u00f3w.<\/p>\n\n\n\n<p>obrazek<\/p>\n\n\n\n<p>Jego droga do prezydentury okaza\u0142a si\u0119 szybka. W 2025 roku, startuj\u0105c jako kandydat obywatelski przy wsparciu Prawa i Sprawiedliwo\u015bci, wygra\u0142 wybory i obj\u0105\u0142 urz\u0105d prezydenta. Co istotne, formalnie nie nale\u017cy\u0142 do struktur partyjnych, co pozwala\u0142o budowa\u0107 wizerunek polityka \u201eponad podzia\u0142ami\u201d, chocia\u017c ideowo by\u0142 osadzony w okre\u015blonym obozie.<\/p>\n\n\n\n<p>W ci\u0105gu pierwszych miesi\u0119cy prezydentury podj\u0105\u0142 szereg inicjatyw, mi\u0119dzy innymi powo\u0142anie Rady Nowych Medi\u00f3w oraz aktywno\u015b\u0107 na arenie mi\u0119dzynarodowej, na przyk\u0142ad uczestnictwo w \u015awiatowym Forum Ekonomicznym w Davos. Dzia\u0142ania te mia\u0142y na celu pokazanie go nie tylko jako krajowego lidera, lecz tak\u017ce uczestnika globalnej debaty.<\/p>\n\n\n\n<p>Pasja do sportu \u2013 nie tylko polityczna metafora<br>W polskiej polityce sport cz\u0119sto s\u0142u\u017cy jedynie jako metafora \u2013 walki, rywalizacji czy gry o w\u0142adz\u0119. W przypadku Karola Nawrockiego jednak sport to realne do\u015bwiadczenie, kt\u00f3re wyra\u017anie wp\u0142ywa na jego codzienne funkcjonowanie.<\/p>\n\n\n\n<p>W m\u0142odo\u015bci, zanim sta\u0142 si\u0119 rozpoznawalny jako historyk i urz\u0119dnik, by\u0142 zwyk\u0142ym ch\u0142opakiem z Gda\u0144ska, sp\u0119dzaj\u0105cym czas na sali treningowej i boisku. Trenowa\u0142 boks, odnosz\u0105c znacz\u0105ce sukcesy, mi\u0119dzy innymi zwyci\u0119stwo w turnieju o Puchar Polski w kategorii juniorskiej. To nie by\u0142 jednorazowy epizod \u2013 bliscy podkre\u015blaj\u0105 jego charakter i tzw. \u201einteligencj\u0119 ringow\u0105\u201d, czyli zdolno\u015b\u0107 przewidywania ruch\u00f3w przeciwnika, cech\u0119 niezwykle przydatn\u0105 tak\u017ce poza sportem.<\/p>\n\n\n\n<p>Poza boksem Nawrocki anga\u017cowa\u0142 si\u0119 tak\u017ce w pi\u0142k\u0119 no\u017cn\u0105, wyst\u0119puj\u0105c w amatorskich klubach i pozostaj\u0105c zarejestrowanym zawodnikiem przez wiele lat, mimo \u017ce gra\u0142 sporadycznie. Ta sportowa hybryda \u2013 po\u0142\u0105czenie indywidualnej walki w ringu i zespo\u0142owej gry na boisku \u2013 doskonale odzwierciedla jego podej\u015bcie do \u017cycia.<\/p>\n\n\n\n<p>Dzi\u015b sport to dla niego nie tylko przesz\u0142o\u015b\u0107, lecz codzienny element \u017cycia. Regularne treningi na si\u0142owni i okazjonalne powroty do boksu sta\u0142y si\u0119 cz\u0119\u015bci\u0105 \u015bwiadomie budowanego wizerunku. Jako aktywny fizycznie polityk korzysta z atut\u00f3w wizualnej komunikacji, kt\u00f3r\u0105 nowoczesna polityka coraz ch\u0119tniej wykorzystuje.<\/p>\n\n\n\n<p>Zaproszenie od WK Dzik \u2013 granice mi\u0119dzy polityk\u0105 a internetow\u0105 kultur\u0105 fitness zacieraj\u0105 si\u0119<br>Na polskiej scenie politycznej rzadko dochodzi do sytuacji, gdy granice mi\u0119dzy oficjalnymi instytucjami a internetow\u0105 kultur\u0105 fitness zaczynaj\u0105 si\u0119 zaciera\u0107. Tym razem w\u0142a\u015bnie takie zdarzenie ma miejsce. Karol Nawrocki potwierdzi\u0142, \u017ce przyjmie zaproszenie od ekipy zwi\u0105zanej z popularnym kana\u0142em Warszawski Koks i mark\u0105 WK Dzik.<\/p>\n\n\n\n<p>Ca\u0142a historia zacz\u0119\u0142a si\u0119 od pozornie niewinnego kroku. Tw\u00f3rcy kana\u0142u fitness na YouTube, odpowiadaj\u0105c na pro\u015bby swoich fan\u00f3w, publicznie zaprosili prezydenta na wsp\u00f3lny trening oraz rozmow\u0119 przy charakterystycznej \u201e\u0142awce\u201d \u2013 formacie, w kt\u00f3rym go\u015bcie podejmuj\u0105 wyzwanie wyciskania sztangi jednocze\u015bnie odpowiadaj\u0105c na pytania prowadz\u0105cych.<\/p>\n\n\n\n<p>Micha\u0142 \u201eOwca\u201d Owczarzak zach\u0119ca\u0142:<\/p>\n\n\n\n<p>Panie prezydencie, zapraszamy do nas na \u0142awk\u0119, na wyciskanie, na rozmow\u0119.<\/p>\n\n\n\n<p>Wyb\u00f3r Karola Nawrockiego nie by\u0142 przypadkowy \u2013 od dawna budowa\u0142 wizerunek polityka aktywnego, kt\u00f3ry regularnie trenuje boks i si\u0142owni\u0119, podkre\u015blaj\u0105c wag\u0119 sprawno\u015bci. Dla tw\u00f3rc\u00f3w WK Dzik by\u0142 naturalnym kandydatem do sprawdzenia, jak radzi sobie w praktyce poza oficjalnymi wyst\u0105pieniami.<\/p>\n\n\n\n<p>Decyzja prezydenta, potwierdzona w dost\u0119pnych materia\u0142ach wideo, wzbudzi\u0142a spore emocje w\u015br\u00f3d fan\u00f3w projektu oraz obserwator\u00f3w \u017cycia publicznego.<\/p>\n\n\n\n<p>Przyjd\u0119 do grupy WK Dzik, tylko mam sw\u00f3j kalendarz, sw\u00f3j harmonogram. Nie chc\u0119 m\u00f3wi\u0107, kiedy przyjd\u0119, bo jestem prezydentem \u2013 powiedzia\u0142 w \u201eKanale Zero\u201d.<\/p>\n\n\n\n<p>Co wi\u0119cej, zdradzi\u0142 tak\u017ce swoje si\u0142owe mo\u017cliwo\u015bci:<\/p>\n\n\n\n<p>Tak, oczywi\u015bcie, p\u0119knie. Spokojnie robi\u0119 seri\u0119 120, 130 kilogram\u00f3w. Pewnie specjali\u015bci nas s\u0142uchaj\u0105, wi\u0119c wiedz\u0105, \u017ce to jest r\u00f3wnie\u017c kwestia dyspozycji dnia i tego, jaki trening si\u0119 prowadzi, do czego si\u0119 przygotowuj\u0119. Ja generalnie nie jestem zwolennikiem takich si\u0142owych trening\u00f3w \u2013 doda\u0142 Nawrocki.<\/p>\n","protected":false},"excerpt":{"rendered":"Nietypowe wydarzenie na granicy polityki i internetu w\u0142a\u015bnie nabiera realnych kszta\u0142t\u00f3w. Karol Nawrocki, obecny prezydent Polski, przyj\u0105\u0142 zaproszenie od tw\u00f3rc\u00f3w zwi\u0105zanych z mark\u0105 \n<a class=\"moretag\" href=\"https:\/\/ciekawe24.pl.ua\/?p=14443\"> [...]<\/a>","protected":false},"author":1,"featured_media":14444,"comment_status":"open","ping_status":"open","sticky":false,"template":"","format":"standard","meta":{"footnotes":""},"categories":[1],"tags":[],"class_list":["post-14443","post","type-post","status-publish","format-standard","has-post-thumbnail","hentry","category-blog"],"_links":{"self":[{"href":"https:\/\/ciekawe24.pl.ua\/index.php?rest_route=\/wp\/v2\/posts\/14443","targetHints":{"allow":["GET"]}}],"collection":[{"href":"https:\/\/ciekawe24.pl.ua\/index.php?rest_route=\/wp\/v2\/posts"}],"about":[{"href":"https:\/\/ciekawe24.pl.ua\/index.php?rest_route=\/wp\/v2\/types\/post"}],"author":[{"embeddable":true,"href":"https:\/\/ciekawe24.pl.ua\/index.php?rest_route=\/wp\/v2\/users\/1"}],"replies":[{"embeddable":true,"href":"https:\/\/ciekawe24.pl.ua\/index.php?rest_route=%2Fwp%2Fv2%2Fcomments&post=14443"}],"version-history":[{"count":1,"href":"https:\/\/ciekawe24.pl.ua\/index.php?rest_route=\/wp\/v2\/posts\/14443\/revisions"}],"predecessor-version":[{"id":14445,"href":"https:\/\/ciekawe24.pl.ua\/index.php?rest_route=\/wp\/v2\/posts\/14443\/revisions\/14445"}],"wp:featuredmedia":[{"embeddable":true,"href":"https:\/\/ciekawe24.pl.ua\/index.php?rest_route=\/wp\/v2\/media\/14444"}],"wp:attachment":[{"href":"https:\/\/ciekawe24.pl.ua\/index.php?rest_route=%2Fwp%2Fv2%2Fmedia&parent=14443"}],"wp:term":[{"taxonomy":"category","embeddable":true,"href":"https:\/\/ciekawe24.pl.ua\/index.php?rest_route=%2Fwp%2Fv2%2Fcategories&post=14443"},{"taxonomy":"post_tag","embeddable":true,"href":"https:\/\/ciekawe24.pl.ua\/index.php?rest_route=%2Fwp%2Fv2%2Ftags&post=14443"}],"curies":[{"name":"wp","href":"https:\/\/api.w.org\/{rel}","templated":true}]}}