{"id":14350,"date":"2026-05-02T10:36:05","date_gmt":"2026-05-02T10:36:05","guid":{"rendered":"https:\/\/ciekawe24.pl.ua\/?p=14350"},"modified":"2026-05-02T10:36:05","modified_gmt":"2026-05-02T10:36:05","slug":"przy-grobie-lukasza-litewki-doszlo-do-zaskakujacej-sytuacji-wszystko-po-zmroku","status":"publish","type":"post","link":"https:\/\/ciekawe24.pl.ua\/?p=14350","title":{"rendered":"Przy grobie \u0141ukasza Litewki dosz\u0142o do zaskakuj\u0105cej sytuacji. Wszystko po zmroku"},"content":{"rendered":"\n<p>przejmuj\u0105cym wyrazem pami\u0119ci i emocji, jakie towarzyszy\u0142y jego odej\u015bciu. W trakcie ceremonii nie zabrak\u0142o s\u0142\u00f3w podkre\u015blaj\u0105cych jego zaanga\u017cowanie i rol\u0119, jak\u0105 odgrywa\u0142 w \u017cyciu wielu os\u00f3b \u2013 zar\u00f3wno jako polityk, jak i kto\u015b postrzegany przez cz\u0119\u015b\u0107 mieszka\u0144c\u00f3w jako bliski, \u017cyczliwy cz\u0142owiek.<\/p>\n\n\n\n<p><strong>Pogrzeb pos\u0142a \u0141ukasza Litewki<\/strong><\/p>\n\n\n\n<p>Ceremonia pogrzebowa pos\u0142a \u0141ukasza Litewki w Sosnowcu mia\u0142a wyj\u0105tkowo emocjonalny i szeroko komentowany przebieg. Ju\u017c od wczesnych godzin \u017ca\u0142obnicy gromadzili si\u0119 na miejscowym cmentarzu, gdzie spocz\u0119\u0142a trumna z cia\u0142em parlamentarzysty.<\/p>\n\n\n\n<p>W\u015br\u00f3d obecnych byli zar\u00f3wno bliscy, przedstawiciele \u015bwiata polityki, jak i mieszka\u0144cy regionu, kt\u00f3rzy chcieli w symboliczny spos\u00f3b podzi\u0119kowa\u0107 mu za dzia\u0142alno\u015b\u0107 publiczn\u0105 i pomocow\u0105.<\/p>\n\n\n\n<p>Gr\u00f3b pos\u0142a szybko wype\u0142ni\u0142 si\u0119 kwiatami i zniczami, a odwiedzaj\u0105cy przez ca\u0142y dzie\u0144, tak\u017ce po zmroku, przychodzili, by w ciszy odda\u0107 mu ho\u0142d, pomodli\u0107 si\u0119 i zatrzyma\u0107 na chwil\u0119 refleksji. Atmosfera na cmentarzu by\u0142a spokojna, ale jednocze\u015bnie pe\u0142na emocji i poczucia wsp\u00f3lnoty.<\/p>\n\n\n\n<figure class=\"wp-block-image\"><img decoding=\"async\" src=\"https:\/\/zycie.news\/crops\/afdc8c\/620x0\/1\/0\/2026\/04\/30\/f9mvVcaHfazIKCcLbZjn8xWDu1r98gjSGM1HHLVE.jpg\" alt=\"Gr\u00f3b \u0141ukasza Litewki\/YouTube\"\/><figcaption class=\"wp-element-caption\">Gr\u00f3b \u0141ukasza Litewki\/YouTubeGr\u00f3b \u0141ukasza Litewki\/YouTube<\/figcaption><\/figure>\n\n\n\n<p><strong>Nietypowy gest zebranych<\/strong><\/p>\n\n\n\n<p>Uwag\u0119 zwraca\u0142y r\u00f3wnie\u017c nietypowe gesty obecnych \u2013 zgodnie z przekazami uczestnik\u00f3w, cz\u0119\u015b\u0107 os\u00f3b przysz\u0142a na uroczysto\u015b\u0107 ze swoimi zwierz\u0119tami, podkre\u015blaj\u0105c w ten spos\u00f3b jedn\u0105 z wa\u017cnych sfer dzia\u0142alno\u015bci zmar\u0142ego pos\u0142a, kt\u00f3ry znany by\u0142 z wra\u017cliwo\u015bci na los zwierz\u0105t.<\/p>\n\n\n\n<p>W sieci pojawi\u0142y si\u0119 tak\u017ce nagrania z cmentarza, na kt\u00f3rych wida\u0107 odwiedzaj\u0105cych przy grobie Litewki, w tym tw\u00f3rc\u0119 internetowego Dariusza Brzeskiego, kt\u00f3ry przyjecha\u0142 ze swoimi ptakami. Materia\u0142y te szybko rozesz\u0142y si\u0119 w mediach spo\u0142eczno\u015bciowych, wywo\u0142uj\u0105c liczne komentarze.<\/p>\n\n\n\n<p>W uroczysto\u015bciach udzia\u0142 wzi\u0105\u0142 r\u00f3wnie\u017c m.in. Karol Nawrocki, a ca\u0142o\u015b\u0107 zgromadzi\u0142a wielu uczestnik\u00f3w, kt\u00f3rzy podkre\u015blali, \u017ce Litewka pozostanie w ich pami\u0119ci jako osoba zaanga\u017cowana i bliska ludziom.<\/p>\n\n\n\n<figure class=\"wp-block-image\"><img decoding=\"async\" src=\"https:\/\/zycie.news\/crops\/731ab2\/620x0\/1\/0\/2026\/04\/30\/Kdga4LKs6QH5J9SfkyqwEuUxXsyckyEBcsRG4rbb.jpg\" alt=\"Gr\u00f3b \u0141ukasza Litewki\/YouTube\"\/><figcaption class=\"wp-element-caption\">Gr\u00f3b \u0141ukasza Litewki\/YouTubeGr\u00f3b \u0141ukasza Litewki\/YouTube<\/figcaption><\/figure>\n\n\n\n<p><\/p>\n","protected":false},"excerpt":{"rendered":"przejmuj\u0105cym wyrazem pami\u0119ci i emocji, jakie towarzyszy\u0142y jego odej\u015bciu. W trakcie ceremonii nie zabrak\u0142o s\u0142\u00f3w podkre\u015blaj\u0105cych jego zaanga\u017cowanie i rol\u0119, jak\u0105 odgrywa\u0142 w \n<a class=\"moretag\" href=\"https:\/\/ciekawe24.pl.ua\/?p=14350\"> [...]<\/a>","protected":false},"author":1,"featured_media":0,"comment_status":"open","ping_status":"open","sticky":false,"template":"","format":"standard","meta":{"footnotes":""},"categories":[1],"tags":[],"class_list":["post-14350","post","type-post","status-publish","format-standard","hentry","category-blog"],"_links":{"self":[{"href":"https:\/\/ciekawe24.pl.ua\/index.php?rest_route=\/wp\/v2\/posts\/14350","targetHints":{"allow":["GET"]}}],"collection":[{"href":"https:\/\/ciekawe24.pl.ua\/index.php?rest_route=\/wp\/v2\/posts"}],"about":[{"href":"https:\/\/ciekawe24.pl.ua\/index.php?rest_route=\/wp\/v2\/types\/post"}],"author":[{"embeddable":true,"href":"https:\/\/ciekawe24.pl.ua\/index.php?rest_route=\/wp\/v2\/users\/1"}],"replies":[{"embeddable":true,"href":"https:\/\/ciekawe24.pl.ua\/index.php?rest_route=%2Fwp%2Fv2%2Fcomments&post=14350"}],"version-history":[{"count":1,"href":"https:\/\/ciekawe24.pl.ua\/index.php?rest_route=\/wp\/v2\/posts\/14350\/revisions"}],"predecessor-version":[{"id":14351,"href":"https:\/\/ciekawe24.pl.ua\/index.php?rest_route=\/wp\/v2\/posts\/14350\/revisions\/14351"}],"wp:attachment":[{"href":"https:\/\/ciekawe24.pl.ua\/index.php?rest_route=%2Fwp%2Fv2%2Fmedia&parent=14350"}],"wp:term":[{"taxonomy":"category","embeddable":true,"href":"https:\/\/ciekawe24.pl.ua\/index.php?rest_route=%2Fwp%2Fv2%2Fcategories&post=14350"},{"taxonomy":"post_tag","embeddable":true,"href":"https:\/\/ciekawe24.pl.ua\/index.php?rest_route=%2Fwp%2Fv2%2Ftags&post=14350"}],"curies":[{"name":"wp","href":"https:\/\/api.w.org\/{rel}","templated":true}]}}