{"id":14195,"date":"2026-04-29T10:52:32","date_gmt":"2026-04-29T10:52:32","guid":{"rendered":"https:\/\/ciekawe24.pl.ua\/?p=14195"},"modified":"2026-04-29T10:52:32","modified_gmt":"2026-04-29T10:52:32","slug":"smiertelny-wypadek-w-creteil-udzial-w-nim-brala-znana-francuska-piosenkarka-6","status":"publish","type":"post","link":"https:\/\/ciekawe24.pl.ua\/?p=14195","title":{"rendered":"\u015amiertelny wypadek w Cr\u00e9teil: udzia\u0142 w nim bra\u0142a znana francuska piosenkarka"},"content":{"rendered":"\n<h2 class=\"wp-block-heading\">Koba LaD bra\u0142 udzia\u0142 w \u015bmiertelnym wypadku(1\/10)<\/h2>\n\n\n\n<p>W \u015brod\u0119, 11 wrze\u015bnia 2024 roku, Le Parisien ujawni\u0142, \u017ce raper Koba LaD by\u0142 uczestnikiem \u015bmiertelnego wypadku.<\/p>\n\n\n\n<p>Dosz\u0142o do niego kilka godzin wcze\u015bniej w pobli\u017cu Cr\u00e9teil.<\/p>\n\n\n\n<figure class=\"wp-block-image\"><img decoding=\"async\" src=\"https:\/\/www.viepratique.fr\/wp-content\/uploads\/sites\/4\/2025\/03\/1-87-750x394.jpg\" alt=\"\"\/><\/figure>\n\n\n\n<h2 class=\"wp-block-heading\">U\u017cywanie narkotyk\u00f3w&nbsp;(2\/10)<\/h2>\n\n\n\n<p>Wed\u0142ug paryskiego dziennika, piosenkarz za\u017cy\u0142 narkotyki przed jazd\u0105. W chwili wypadku w jego samochodzie znajdowa\u0142o si\u0119 dw\u00f3ch pasa\u017cer\u00f3w.<\/p>\n\n\n\n<figure class=\"wp-block-image\"><img decoding=\"async\" src=\"https:\/\/www.viepratique.fr\/wp-content\/uploads\/sites\/4\/2025\/03\/2-84-750x394.jpg\" alt=\"\"\/><\/figure>\n\n\n\n<h2 class=\"wp-block-heading\">Pasa\u017cer samochodu zmar\u0142(3\/10)<\/h2>\n\n\n\n<p>Pasa\u017cer siedz\u0105cy z ty\u0142u pojazdu odni\u00f3s\u0142 jedynie lekkie obra\u017cenia. Niestety, pasa\u017cer siedz\u0105cy z przodu zgin\u0105\u0142 tragicznie.<\/p>\n\n\n\n<figure class=\"wp-block-image\"><img decoding=\"async\" src=\"https:\/\/www.viepratique.fr\/wp-content\/uploads\/sites\/4\/2025\/03\/3-84-750x394.jpg\" alt=\"\"\/><\/figure>\n\n\n\n<h2 class=\"wp-block-heading\">Koba LaD zosta\u0142 umieszczony w areszcie tymczasowym&nbsp;(4\/10)<\/h2>\n\n\n\n<p>Po tej tragedii Koba LaD zosta\u0142 oskar\u017cony o \u201ezaostrzone zab\u00f3jstwo\u201d i \u201enieumy\u015blne spowodowanie obra\u017ce\u0144 cia\u0142a\u201d, a nast\u0119pnie w sobot\u0119 14 wrze\u015bnia 2024 r. osadzony w areszcie tymczasowym.<\/p>\n\n\n\n<figure class=\"wp-block-image\"><img decoding=\"async\" src=\"https:\/\/www.viepratique.fr\/wp-content\/uploads\/sites\/4\/2025\/03\/4-85-1024x538.jpg\" alt=\"\"\/><\/figure>\n\n\n\n<h2 class=\"wp-block-heading\">Koba LaD wypowiedzia\u0142 si\u0119 na swoim koncie na Instagramie&nbsp;(5\/10)<\/h2>\n\n\n\n<p>Koba LaD, kt\u00f3ry milcza\u0142 od pocz\u0105tku tej sprawy, w ko\u0144cu przerwa\u0142 milczenie tego samego dnia.&nbsp;<em>\u201eJestem zdruzgotany tragiczn\u0105 strat\u0105 mojego przyjaciela Willa i od wtorkowego wieczoru moje my\u015bli kr\u0105\u017c\u0105 przede wszystkim wok\u00f3\u0142 jego rodziny, \u017cony i dzieci, z kt\u00f3rymi dziel\u0119 ten ogromny smutek i \u017cal\u201d.<\/em><\/p>\n\n\n\n<figure class=\"wp-block-image\"><img decoding=\"async\" src=\"https:\/\/www.viepratique.fr\/wp-content\/uploads\/sites\/4\/2025\/03\/5-78-1024x538.jpg\" alt=\"\"\/><\/figure>\n\n\n\n<h2 class=\"wp-block-heading\">\u201eSpoczywaj w pokoju, m\u00f3j bracie Willu\u201d&nbsp;(6\/10)<\/h2>\n\n\n\n<p><em>\u201eB\u0119d\u0119 przy jego rodzinie do ko\u0144ca moich dni. Spoczywaj w pokoju, m\u00f3j bracie Willu<\/em>&nbsp;\u201d \u2013 napisa\u0142 w swojej relacji na Instagramie.<\/p>\n\n\n\n<figure class=\"wp-block-image\"><img decoding=\"async\" src=\"https:\/\/www.viepratique.fr\/wp-content\/uploads\/sites\/4\/2025\/03\/6-77-1024x538.jpg\" alt=\"\"\/><\/figure>\n\n\n\n<h2 class=\"wp-block-heading\">Zderzenie skrajnej przemocy&nbsp;(7\/10)<\/h2>\n\n\n\n<p>Kierowca ci\u0119\u017car\u00f3wki, w kt\u00f3r\u0105 uderzy\u0142 Koba LaD, wyszed\u0142 z tego zdarzenia z lekkimi obra\u017ceniami. Partner piosenkarza Wejdene w chwili zderzenia jecha\u0142 niemieck\u0105 luksusow\u0105 limuzyn\u0105. Wed\u0142ug wst\u0119pnych ustale\u0144, raper jecha\u0142&nbsp;<em>\u201ez pe\u0142n\u0105 pr\u0119dko\u015bci\u0105\u201d,<\/em>&nbsp;gdy uderzy\u0142 w ci\u0119\u017car\u00f3wk\u0119 swoim samochodem.<\/p>\n\n\n\n<figure class=\"wp-block-image\"><img decoding=\"async\" src=\"https:\/\/www.viepratique.fr\/wp-content\/uploads\/sites\/4\/2025\/03\/7-69-1024x538.jpg\" alt=\"\"\/><\/figure>\n\n\n\n<h2 class=\"wp-block-heading\">Inny podobny fakt&nbsp;(8\/10)<\/h2>\n\n\n\n<p>Przypomnijmy, \u017ce Koba LaD zosta\u0142 skazany za udzia\u0142 w innym wypadku drogowym w Marsylii w 2020 roku. W tym samym roku otrzyma\u0142 wyrok trzech miesi\u0119cy wi\u0119zienia w zawieszeniu.<\/p>\n\n\n\n<figure class=\"wp-block-image\"><img decoding=\"async\" src=\"https:\/\/www.viepratique.fr\/wp-content\/uploads\/sites\/4\/2025\/03\/8-64-1024x538.jpg\" alt=\"\"\/><\/figure>\n\n\n\n<h2 class=\"wp-block-heading\">140 godzin s\u0142u\u017cby spo\u0142ecznej&nbsp;(9\/10)<\/h2>\n\n\n\n<p>Ta ostatnia kara obejmowa\u0142a r\u00f3wnie\u017c 140 godzin prac spo\u0142ecznych. Zaraz po incydencie raper uciek\u0142. Ostatecznie jednak zg\u0142osi\u0142 si\u0119 na policj\u0119 trzy dni p\u00f3\u017aniej.<\/p>\n\n\n\n<figure class=\"wp-block-image\"><img decoding=\"async\" src=\"https:\/\/www.viepratique.fr\/wp-content\/uploads\/sites\/4\/2025\/03\/9-63-1024x538.jpg\" alt=\"\"\/><\/figure>\n\n\n\n<h2 class=\"wp-block-heading\">Koba LaD nadal jest uznawany za niewinnego&nbsp;(10\/10)<\/h2>\n\n\n\n<p>Piosenkarz zosta\u0142 nast\u0119pnie skazany na czteromiesi\u0119czne zawieszenie prawa jazdy w zwi\u0105zku z&nbsp;<em>\u201ewcze\u015bniejszym przyznaniem si\u0119 do winy<\/em>&nbsp;\u201d. Dla porz\u0105dku dodam, \u017ce Koba LaD pozostaje uznawany za niewinnego zarzucanych mu czyn\u00f3w do czasu zamkni\u0119cia sprawy.<\/p>\n\n\n\n<figure class=\"wp-block-image\"><img decoding=\"async\" src=\"https:\/\/www.viepratique.fr\/wp-content\/uploads\/sites\/4\/2025\/03\/10-63-1024x538.jpg\" alt=\"\"\/><\/figure>\n\n\n\n<p>Oskar\u017cony i osadzony w areszcie tymczasowym po spowodowanym przez siebie \u015bmiertelnym wypadku, raper Koba LaD, kt\u00f3ry w chwili zdarzenia znajdowa\u0142 si\u0119 pod wp\u0142ywem narkotyk\u00f3w, w sobot\u0119 14 wrze\u015bnia 2024 r. napisa\u0142 na Instagramie, \u017ce op\u0142akuje \u015bmier\u0107 swojego przyjaciela Willa.<\/p>\n","protected":false},"excerpt":{"rendered":"Koba LaD bra\u0142 udzia\u0142 w \u015bmiertelnym wypadku(1\/10) W \u015brod\u0119, 11 wrze\u015bnia 2024 roku, Le Parisien ujawni\u0142, \u017ce raper Koba LaD by\u0142 uczestnikiem \u015bmiertelnego \n<a class=\"moretag\" href=\"https:\/\/ciekawe24.pl.ua\/?p=14195\"> [...]<\/a>","protected":false},"author":1,"featured_media":14196,"comment_status":"open","ping_status":"open","sticky":false,"template":"","format":"standard","meta":{"footnotes":""},"categories":[1],"tags":[],"class_list":["post-14195","post","type-post","status-publish","format-standard","has-post-thumbnail","hentry","category-blog"],"_links":{"self":[{"href":"https:\/\/ciekawe24.pl.ua\/index.php?rest_route=\/wp\/v2\/posts\/14195","targetHints":{"allow":["GET"]}}],"collection":[{"href":"https:\/\/ciekawe24.pl.ua\/index.php?rest_route=\/wp\/v2\/posts"}],"about":[{"href":"https:\/\/ciekawe24.pl.ua\/index.php?rest_route=\/wp\/v2\/types\/post"}],"author":[{"embeddable":true,"href":"https:\/\/ciekawe24.pl.ua\/index.php?rest_route=\/wp\/v2\/users\/1"}],"replies":[{"embeddable":true,"href":"https:\/\/ciekawe24.pl.ua\/index.php?rest_route=%2Fwp%2Fv2%2Fcomments&post=14195"}],"version-history":[{"count":1,"href":"https:\/\/ciekawe24.pl.ua\/index.php?rest_route=\/wp\/v2\/posts\/14195\/revisions"}],"predecessor-version":[{"id":14197,"href":"https:\/\/ciekawe24.pl.ua\/index.php?rest_route=\/wp\/v2\/posts\/14195\/revisions\/14197"}],"wp:featuredmedia":[{"embeddable":true,"href":"https:\/\/ciekawe24.pl.ua\/index.php?rest_route=\/wp\/v2\/media\/14196"}],"wp:attachment":[{"href":"https:\/\/ciekawe24.pl.ua\/index.php?rest_route=%2Fwp%2Fv2%2Fmedia&parent=14195"}],"wp:term":[{"taxonomy":"category","embeddable":true,"href":"https:\/\/ciekawe24.pl.ua\/index.php?rest_route=%2Fwp%2Fv2%2Fcategories&post=14195"},{"taxonomy":"post_tag","embeddable":true,"href":"https:\/\/ciekawe24.pl.ua\/index.php?rest_route=%2Fwp%2Fv2%2Ftags&post=14195"}],"curies":[{"name":"wp","href":"https:\/\/api.w.org\/{rel}","templated":true}]}}