{"id":14133,"date":"2026-04-28T11:33:44","date_gmt":"2026-04-28T11:33:44","guid":{"rendered":"https:\/\/ciekawe24.pl.ua\/?p=14133"},"modified":"2026-04-28T11:33:44","modified_gmt":"2026-04-28T11:33:44","slug":"jeden-dwa-trzy-nagla-smierc-aktora-ktory-poruszyl-miliony","status":"publish","type":"post","link":"https:\/\/ciekawe24.pl.ua\/?p=14133","title":{"rendered":"JEDEN, DWA, TRZY \u2013 NAG\u0141A \u015aMIER\u0106 AKTORA, KT\u00d3RY PORUSZY\u0141 MILIONY"},"content":{"rendered":"\n<h2 class=\"wp-block-heading\">WIADOMO\u015a\u0106, KT\u00d3RA WSTRZ\u0104SN\u0118\u0141A FANAMI<\/h2>\n\n\n\n<p>Czasami wiadomo\u015bci o \u015bmierci znanych os\u00f3b spadaj\u0105 na nas jak grom z jasnego nieba.<\/p>\n\n\n\n<p>Cho\u0107 nie znali\u015bmy ich osobi\u015bcie, stawali si\u0119 cz\u0119\u015bci\u0105 naszego \u017cycia \u2013 poprzez role, piosenki czy wyst\u0119py, kt\u00f3re towarzyszy\u0142y nam na co dzie\u0144.<\/p>\n\n\n\n<p>Tak w\u0142a\u015bnie by\u0142o w przypadku Edu Del Prado, hiszpa\u0144skiego aktora i wokalisty, kt\u00f3ry w wieku zaledwie 40 lat odszed\u0142 nagle, pozostawiaj\u0105c fan\u00f3w w szoku i smutku.<\/p>\n\n\n\n<p>Znany z kultowego serialu \u201eUn, dos, tres\u201d aktor na d\u0142ugo wpisa\u0142 si\u0119 w pami\u0119\u0107 widz\u00f3w w Hiszpanii i poza jej granicami. Jego talent i charyzma sprawi\u0142y, \u017ce miliony ludzi czu\u0142y z nim emocjonaln\u0105 wi\u0119\u017a, a wie\u015b\u0107 o jego \u015bmierci by\u0142a ciosem tak\u017ce dla tych, kt\u00f3rzy dorastali razem z jego rolami.<\/p>\n\n\n\n<h2 class=\"wp-block-heading\">CZ\u0141OWIEK, KT\u00d3RY MIA\u0141 WIELE TWARZY<\/h2>\n\n\n\n<p>Edu Del Prado zyska\u0142 s\u0142aw\u0119 jako Cezar w serialu \u201eUn, dos, tres\u201d. Obok Beatriz Luengo i Miguela \u00c1ngela Mu\u00f1oza tworzy\u0142 ekranowe trio, kt\u00f3re podbi\u0142o serca widz\u00f3w. Ale jego kariera nie ko\u0144czy\u0142a si\u0119 na telewizji \u2013 by\u0142 tak\u017ce piosenkarzem, kt\u00f3rego debiutancki album \u201eEdu\u201d wzbudzi\u0142 uznanie krytyk\u00f3w i publiczno\u015bci.<\/p>\n\n\n\n<p>Mia\u0142 w sobie rzadk\u0105 zdolno\u015b\u0107 \u2013 potrafi\u0142 poruszy\u0107 emocje nie tylko gr\u0105 aktorsk\u0105, ale tak\u017ce muzyk\u0105. Wyst\u0119powa\u0142 w musicalach, takich jak hiszpa\u0144ska wersja \u201eNotre-Dame de Paris\u201d, pokazuj\u0105c, \u017ce by\u0142 artyst\u0105 kompletnym, zdolnym do \u0142\u0105czenia sceny teatralnej z estrad\u0105.<\/p>\n\n\n\n<h2 class=\"wp-block-heading\">PASJA, KT\u00d3RA NIE GAS\u0141A<\/h2>\n\n\n\n<p>Cho\u0107 nie zawsze znajdowa\u0142 si\u0119 w blasku fleszy, Edu nigdy nie przestawa\u0142 tworzy\u0107. W 2007 roku pojawi\u0142 si\u0119 we francuskiej \u201eStar Academy\u201d, gdzie jako nauczyciel zdoby\u0142 serca uczestnik\u00f3w i widz\u00f3w swoj\u0105 szczero\u015bci\u0105 i otwarto\u015bci\u0105. P\u00f3\u017aniej spr\u00f3bowa\u0142 si\u0142 w \u201eThe Voice\u201d, gdzie cho\u0107 nie wygra\u0142, zostawi\u0142 po sobie niezwykle ciep\u0142e wspomnienia.<\/p>\n\n\n\n<p>Wielu jego fan\u00f3w wspomina\u0142o, \u017ce Edu mia\u0142 t\u0119 wyj\u0105tkow\u0105 zdolno\u015b\u0107 do roz\u015bwietlania miejsc, w kt\u00f3rych si\u0119 pojawia\u0142. Mia\u0142 w sobie co\u015b, co sprawia\u0142o, \u017ce ludzie czuli si\u0119 przy nim dobrze. To w\u0142a\u015bnie ta naturalna charyzma czyni\u0142a go kim\u015b wi\u0119cej ni\u017c artyst\u0105 \u2013 by\u0142 cz\u0142owiekiem, kt\u00f3ry wnosi\u0142 pozytywn\u0105 energi\u0119 w \u017cycie innych.<\/p>\n\n\n\n<h2 class=\"wp-block-heading\">NAG\u0141E PO\u017bEGNANIE<\/h2>\n\n\n\n<p>23 czerwca 2018 roku \u015bwiat obieg\u0142a tragiczna informacja \u2013 Edu Del Prado zmar\u0142 w Walencji. Pocz\u0105tkowo przyczyna jego odej\u015bcia nie by\u0142a znana, co wywo\u0142a\u0142o lawin\u0119 spekulacji. Dopiero p\u00f3\u017aniej hiszpa\u0144skie media poda\u0142y, \u017ce przyczyn\u0105 by\u0142o zapalenie p\u0142uc, kt\u00f3re pojawi\u0142o si\u0119 w nast\u0119pstwie ci\u0119\u017ckiej choroby.<\/p>\n\n\n\n<p>To wydarzenie by\u0142o przypomnieniem, jak kruche i nieprzewidywalne potrafi by\u0107 \u017cycie. Jeszcze chwil\u0119 wcze\u015bniej widzowie ogl\u0105dali go na scenie, a nagle przysz\u0142o po\u017cegnanie.<\/p>\n\n\n\n<h2 class=\"wp-block-heading\">WSPOMNIENIA FAN\u00d3W, KT\u00d3RE POZOSTAJ\u0104<\/h2>\n\n\n\n<p>\u015amier\u0107 Edu wywo\u0142a\u0142a fal\u0119 wspomnie\u0144 w mediach spo\u0142eczno\u015bciowych. Fani dzielili si\u0119 nagraniami z jego wyst\u0119p\u00f3w i fragmentami seriali, w kt\u00f3rych gra\u0142. Jedna z jego fanek napisa\u0142a: \u201eJego g\u0142os dodawa\u0142 mi si\u0142y, kiedy przechodzi\u0142am trudny okres. To nie by\u0142a tylko muzyka \u2013 to by\u0142o przes\u0142anie, kt\u00f3re dawa\u0142o nadziej\u0119\u201d.<\/p>\n\n\n\n<p>Takie historie pokazuj\u0105, \u017ce Edu Del Prado by\u0142 kim\u015b wi\u0119cej ni\u017c celebryt\u0105. By\u0142 inspiracj\u0105 dla tysi\u0119cy ludzi, kt\u00f3rzy znajdowali w jego sztuce wsparcie i motywacj\u0119.<\/p>\n\n\n\n<h2 class=\"wp-block-heading\">DZIEDZICTWO, KT\u00d3RE NIE ZNIKA<\/h2>\n\n\n\n<p>Cho\u0107 Edu nie ma ju\u017c z nami fizycznie, jego dorobek pozosta\u0142. Jego muzyka jest dost\u0119pna w serwisach streamingowych, a role wci\u0105\u017c \u017cyj\u0105 w pami\u0119ci widz\u00f3w. Dzi\u0119ki temu jego tw\u00f3rczo\u015b\u0107 b\u0119dzie inspirowa\u0107 kolejne pokolenia.<\/p>\n\n\n\n<p>To przypomina, jak wa\u017cne jest docenianie ludzi, dop\u00f3ki s\u0105 obok nas. Zbyt cz\u0119sto zak\u0142adamy, \u017ce mamy jeszcze czas na spotkania czy rozmowy, a \u017cycie pokazuje, \u017ce nic nie jest pewne.<\/p>\n\n\n\n<h2 class=\"wp-block-heading\">PODSUMOWANIE \u2013 LEKCJA, KT\u00d3R\u0104 POZOSTAWI\u0141<\/h2>\n\n\n\n<p>Odej\u015bcie Edu Del Prado to ogromna strata dla \u015bwiata sztuki, ale jednocze\u015bnie lekcja dla nas wszystkich. Pokazuje, jak wa\u017cne jest, by docenia\u0107 \u017cycie i ludzi wok\u00f3\u0142 siebie. Jego talent, pasja i dobro\u0107 sprawi\u0142y, \u017ce pozosta\u0142 w sercach fan\u00f3w jako kto\u015b wyj\u0105tkowy.<\/p>\n\n\n\n<p>Dzi\u015b, wspominaj\u0105c go, mo\u017cemy by\u0107 wdzi\u0119czni za emocje, kt\u00f3re nam podarowa\u0142. Za muzyk\u0119, kt\u00f3ra wzrusza\u0142a, i role, kt\u00f3re na zawsze zapisa\u0142y si\u0119 w historii. Edu Del Prado odszed\u0142 nagle, ale to, co stworzy\u0142, sprawia, \u017ce wci\u0105\u017c jest obecny w naszej pami\u0119ci i w kulturze.<\/p>\n","protected":false},"excerpt":{"rendered":"WIADOMO\u015a\u0106, KT\u00d3RA WSTRZ\u0104SN\u0118\u0141A FANAMI Czasami wiadomo\u015bci o \u015bmierci znanych os\u00f3b spadaj\u0105 na nas jak grom z jasnego nieba. Cho\u0107 nie znali\u015bmy ich osobi\u015bcie, \n<a class=\"moretag\" href=\"https:\/\/ciekawe24.pl.ua\/?p=14133\"> [...]<\/a>","protected":false},"author":1,"featured_media":14134,"comment_status":"open","ping_status":"open","sticky":false,"template":"","format":"standard","meta":{"footnotes":""},"categories":[1],"tags":[],"class_list":["post-14133","post","type-post","status-publish","format-standard","has-post-thumbnail","hentry","category-blog"],"_links":{"self":[{"href":"https:\/\/ciekawe24.pl.ua\/index.php?rest_route=\/wp\/v2\/posts\/14133","targetHints":{"allow":["GET"]}}],"collection":[{"href":"https:\/\/ciekawe24.pl.ua\/index.php?rest_route=\/wp\/v2\/posts"}],"about":[{"href":"https:\/\/ciekawe24.pl.ua\/index.php?rest_route=\/wp\/v2\/types\/post"}],"author":[{"embeddable":true,"href":"https:\/\/ciekawe24.pl.ua\/index.php?rest_route=\/wp\/v2\/users\/1"}],"replies":[{"embeddable":true,"href":"https:\/\/ciekawe24.pl.ua\/index.php?rest_route=%2Fwp%2Fv2%2Fcomments&post=14133"}],"version-history":[{"count":1,"href":"https:\/\/ciekawe24.pl.ua\/index.php?rest_route=\/wp\/v2\/posts\/14133\/revisions"}],"predecessor-version":[{"id":14135,"href":"https:\/\/ciekawe24.pl.ua\/index.php?rest_route=\/wp\/v2\/posts\/14133\/revisions\/14135"}],"wp:featuredmedia":[{"embeddable":true,"href":"https:\/\/ciekawe24.pl.ua\/index.php?rest_route=\/wp\/v2\/media\/14134"}],"wp:attachment":[{"href":"https:\/\/ciekawe24.pl.ua\/index.php?rest_route=%2Fwp%2Fv2%2Fmedia&parent=14133"}],"wp:term":[{"taxonomy":"category","embeddable":true,"href":"https:\/\/ciekawe24.pl.ua\/index.php?rest_route=%2Fwp%2Fv2%2Fcategories&post=14133"},{"taxonomy":"post_tag","embeddable":true,"href":"https:\/\/ciekawe24.pl.ua\/index.php?rest_route=%2Fwp%2Fv2%2Ftags&post=14133"}],"curies":[{"name":"wp","href":"https:\/\/api.w.org\/{rel}","templated":true}]}}